{"id":1599,"date":"2025-02-12T18:52:51","date_gmt":"2025-02-12T16:52:51","guid":{"rendered":"https:\/\/www.solarbuergergenossenschaft.de\/?p=1599"},"modified":"2025-04-24T14:28:30","modified_gmt":"2025-04-24T12:28:30","slug":"stadt-freiburg-vergibt-klima-und-naturschutzpreise-u-a-an-die-solargeno","status":"publish","type":"post","link":"https:\/\/www.solarbuergergenossenschaft.de\/index.php\/2025\/02\/12\/stadt-freiburg-vergibt-klima-und-naturschutzpreise-u-a-an-die-solargeno\/","title":{"rendered":"Stadt Freiburg vergibt Klima- und Naturschutzpreise u.a. an die Solargeno"},"content":{"rendered":"\t\t<div data-elementor-type=\"wp-post\" data-elementor-id=\"1599\" class=\"elementor elementor-1599\">\n\t\t\t\t\t\t<section class=\"elementor-section elementor-top-section elementor-element elementor-element-8c81417 elementor-section-boxed elementor-section-height-default elementor-section-height-default\" data-id=\"8c81417\" data-element_type=\"section\" data-e-type=\"section\">\n\t\t\t\t\t\t<div class=\"elementor-container elementor-column-gap-default\">\n\t\t\t\t\t<div class=\"elementor-column elementor-col-100 elementor-top-column elementor-element elementor-element-71056db\" data-id=\"71056db\" data-element_type=\"column\" data-e-type=\"column\">\n\t\t\t<div class=\"elementor-widget-wrap elementor-element-populated\">\n\t\t\t\t\t\t<div class=\"elementor-element elementor-element-407960e elementor-widget elementor-widget-text-editor\" data-id=\"407960e\" data-element_type=\"widget\" data-e-type=\"widget\" data-widget_type=\"text-editor.default\">\n\t\t\t\t<div class=\"elementor-widget-container\">\n\t\t\t\t\t\t\t\t\t<p>Mit dieser Auszeichnung ehrte und f\u00f6rderte die Stadt Freiburg am 6. Februar 2025\u00a0 die Solargeno f\u00fcr Projekte und Ideen, die sich im Klima- und Naturschutz durch au\u00dfergew\u00f6hnliches Engagement und innovative Ans\u00e4tze auszeichneten.<\/p>\t\t\t\t\t\t\t\t<\/div>\n\t\t\t\t<\/div>\n\t\t\t\t\t<\/div>\n\t\t<\/div>\n\t\t\t\t\t<\/div>\n\t\t<\/section>\n\t\t\t\t<section class=\"elementor-section elementor-top-section elementor-element elementor-element-191e8d9 elementor-section-boxed elementor-section-height-default elementor-section-height-default\" data-id=\"191e8d9\" data-element_type=\"section\" data-e-type=\"section\">\n\t\t\t\t\t\t<div class=\"elementor-container elementor-column-gap-default\">\n\t\t\t\t\t<div class=\"elementor-column elementor-col-100 elementor-top-column elementor-element elementor-element-8dbe90f\" data-id=\"8dbe90f\" data-element_type=\"column\" data-e-type=\"column\">\n\t\t\t<div class=\"elementor-widget-wrap elementor-element-populated\">\n\t\t\t\t\t\t<div class=\"elementor-element elementor-element-4813edd elementor-widget elementor-widget-image\" data-id=\"4813edd\" data-element_type=\"widget\" data-e-type=\"widget\" data-widget_type=\"image.default\">\n\t\t\t\t<div class=\"elementor-widget-container\">\n\t\t\t\t\t\t\t\t\t\t\t\t\t\t\t<img fetchpriority=\"high\" decoding=\"async\" width=\"605\" height=\"402\" src=\"https:\/\/www.solarbuergergenossenschaft.de\/wp-content\/uploads\/2025\/02\/Umweltschutzpreisverleihug-2.png\" class=\"attachment-large size-large wp-image-1605\" alt=\"\" srcset=\"https:\/\/www.solarbuergergenossenschaft.de\/wp-content\/uploads\/2025\/02\/Umweltschutzpreisverleihug-2.png 605w, https:\/\/www.solarbuergergenossenschaft.de\/wp-content\/uploads\/2025\/02\/Umweltschutzpreisverleihug-2-300x199.png 300w\" sizes=\"(max-width: 605px) 100vw, 605px\" \/>\t\t\t\t\t\t\t\t\t\t\t\t\t\t\t<\/div>\n\t\t\t\t<\/div>\n\t\t\t\t<div class=\"elementor-element elementor-element-1a9206b elementor-widget elementor-widget-image\" data-id=\"1a9206b\" data-element_type=\"widget\" data-e-type=\"widget\" data-widget_type=\"image.default\">\n\t\t\t\t<div class=\"elementor-widget-container\">\n\t\t\t\t\t\t\t\t\t\t\t\t\t\t\t<img decoding=\"async\" width=\"605\" height=\"403\" src=\"https:\/\/www.solarbuergergenossenschaft.de\/wp-content\/uploads\/2025\/02\/Umweltschutzpreisverleihug-1.png\" class=\"attachment-large size-large wp-image-1604\" alt=\"\" srcset=\"https:\/\/www.solarbuergergenossenschaft.de\/wp-content\/uploads\/2025\/02\/Umweltschutzpreisverleihug-1.png 605w, https:\/\/www.solarbuergergenossenschaft.de\/wp-content\/uploads\/2025\/02\/Umweltschutzpreisverleihug-1-300x200.png 300w\" sizes=\"(max-width: 605px) 100vw, 605px\" \/>\t\t\t\t\t\t\t\t\t\t\t\t\t\t\t<\/div>\n\t\t\t\t<\/div>\n\t\t\t\t\t<\/div>\n\t\t<\/div>\n\t\t\t\t\t<\/div>\n\t\t<\/section>\n\t\t\t\t<section class=\"elementor-section elementor-top-section elementor-element elementor-element-65e8fce elementor-section-boxed elementor-section-height-default elementor-section-height-default\" data-id=\"65e8fce\" data-element_type=\"section\" data-e-type=\"section\">\n\t\t\t\t\t\t<div class=\"elementor-container elementor-column-gap-default\">\n\t\t\t\t\t<div class=\"elementor-column elementor-col-100 elementor-top-column elementor-element elementor-element-04245ce\" data-id=\"04245ce\" data-element_type=\"column\" data-e-type=\"column\">\n\t\t\t<div class=\"elementor-widget-wrap elementor-element-populated\">\n\t\t\t\t\t\t<div class=\"elementor-element elementor-element-19b0e6d elementor-widget elementor-widget-text-editor\" data-id=\"19b0e6d\" data-element_type=\"widget\" data-e-type=\"widget\" data-widget_type=\"text-editor.default\">\n\t\t\t\t<div class=\"elementor-widget-container\">\n\t\t\t\t\t\t\t\t\t<p><a href=\"https:\/\/www.freiburg.de\/pb\/2357016.html\">Stadt vergibt Klima- und Naturschutzpreise &#8211; www.freiburg.de &#8211; Rathaus und Politik\/Presse\/Pressemitteilungen<\/a><\/p>\t\t\t\t\t\t\t\t<\/div>\n\t\t\t\t<\/div>\n\t\t\t\t\t<\/div>\n\t\t<\/div>\n\t\t\t\t\t<\/div>\n\t\t<\/section>\n\t\t\t\t<section class=\"elementor-section elementor-top-section elementor-element elementor-element-80e43d7 elementor-section-boxed elementor-section-height-default elementor-section-height-default\" data-id=\"80e43d7\" data-element_type=\"section\" data-e-type=\"section\">\n\t\t\t\t\t\t<div class=\"elementor-container elementor-column-gap-default\">\n\t\t\t\t\t<div class=\"elementor-column elementor-col-100 elementor-top-column elementor-element elementor-element-81bab3d\" data-id=\"81bab3d\" data-element_type=\"column\" data-e-type=\"column\">\n\t\t\t<div class=\"elementor-widget-wrap elementor-element-populated\">\n\t\t\t\t\t\t<div class=\"elementor-element elementor-element-592f593 elementor-widget elementor-widget-image\" data-id=\"592f593\" data-element_type=\"widget\" data-e-type=\"widget\" data-widget_type=\"image.default\">\n\t\t\t\t<div class=\"elementor-widget-container\">\n\t\t\t\t\t\t\t\t\t\t\t\t\t\t\t<img decoding=\"async\" src=\"https:\/\/www.solarbuergergenossenschaft.de\/wp-content\/uploads\/2025\/02\/Urkunde-Klimaschutzpreis-der-Stadt-Freiburg-fuer-Solar-Buerger-Genossenschaft-eG-2.pdf\" title=\"\" alt=\"\" loading=\"lazy\" \/>\t\t\t\t\t\t\t\t\t\t\t\t\t\t\t<\/div>\n\t\t\t\t<\/div>\n\t\t\t\t\t<\/div>\n\t\t<\/div>\n\t\t\t\t\t<\/div>\n\t\t<\/section>\n\t\t\t\t<section class=\"elementor-section elementor-top-section elementor-element elementor-element-93bc8b1 elementor-section-boxed elementor-section-height-default elementor-section-height-default\" data-id=\"93bc8b1\" data-element_type=\"section\" data-e-type=\"section\">\n\t\t\t\t\t\t<div class=\"elementor-container elementor-column-gap-default\">\n\t\t\t\t\t<div class=\"elementor-column elementor-col-100 elementor-top-column elementor-element elementor-element-7d39737\" data-id=\"7d39737\" data-element_type=\"column\" data-e-type=\"column\">\n\t\t\t<div class=\"elementor-widget-wrap elementor-element-populated\">\n\t\t\t\t\t\t<div class=\"elementor-element elementor-element-9e99477 elementor-widget elementor-widget-image\" data-id=\"9e99477\" data-element_type=\"widget\" data-e-type=\"widget\" data-widget_type=\"image.default\">\n\t\t\t\t<div class=\"elementor-widget-container\">\n\t\t\t\t\t\t\t\t\t\t\t\t\t\t\t<img decoding=\"async\" src=\"https:\/\/www.solarbuergergenossenschaft.de\/wp-content\/uploads\/2025\/02\/Urkunde-Klimaschutzpreis-der-Stadt-Freiburg-fuer-Solar-Buerger-Genossenschaft-eG-4.pdf\" title=\"\" alt=\"\" loading=\"lazy\" \/>\t\t\t\t\t\t\t\t\t\t\t\t\t\t\t<\/div>\n\t\t\t\t<\/div>\n\t\t\t\t\t<\/div>\n\t\t<\/div>\n\t\t\t\t\t<\/div>\n\t\t<\/section>\n\t\t\t\t<section class=\"elementor-section elementor-top-section elementor-element elementor-element-1029343 elementor-section-boxed elementor-section-height-default elementor-section-height-default\" data-id=\"1029343\" data-element_type=\"section\" data-e-type=\"section\">\n\t\t\t\t\t\t<div class=\"elementor-container elementor-column-gap-default\">\n\t\t\t\t\t<div class=\"elementor-column elementor-col-100 elementor-top-column elementor-element elementor-element-86c3a76\" data-id=\"86c3a76\" data-element_type=\"column\" data-e-type=\"column\">\n\t\t\t<div class=\"elementor-widget-wrap elementor-element-populated\">\n\t\t\t\t\t\t<div class=\"elementor-element elementor-element-aaa718e elementor-widget elementor-widget-heading\" data-id=\"aaa718e\" data-element_type=\"widget\" data-e-type=\"widget\" data-widget_type=\"heading.default\">\n\t\t\t\t<div class=\"elementor-widget-container\">\n\t\t\t\t\t<h2 class=\"elementor-heading-title elementor-size-default\">Urkunde Klimaschutzpreis der Stadt Freiburg f\u00fcr Solar-B\u00fcrger-Genossenschaft eG\n<\/h2>\t\t\t\t<\/div>\n\t\t\t\t<\/div>\n\t\t\t\t\t<\/div>\n\t\t<\/div>\n\t\t\t\t\t<\/div>\n\t\t<\/section>\n\t\t\t\t<section class=\"elementor-section elementor-top-section elementor-element elementor-element-9aaff0c elementor-section-boxed elementor-section-height-default elementor-section-height-default\" data-id=\"9aaff0c\" data-element_type=\"section\" data-e-type=\"section\">\n\t\t\t\t\t\t<div class=\"elementor-container elementor-column-gap-default\">\n\t\t\t\t\t<div class=\"elementor-column elementor-col-100 elementor-top-column elementor-element elementor-element-890e31d\" data-id=\"890e31d\" data-element_type=\"column\" data-e-type=\"column\">\n\t\t\t<div class=\"elementor-widget-wrap elementor-element-populated\">\n\t\t\t\t\t\t<div class=\"elementor-element elementor-element-ade2da9 elementor-widget elementor-widget-image\" data-id=\"ade2da9\" data-element_type=\"widget\" data-e-type=\"widget\" data-widget_type=\"image.default\">\n\t\t\t\t<div class=\"elementor-widget-container\">\n\t\t\t\t\t\t\t\t\t\t\t\t\t\t\t<img decoding=\"async\" width=\"722\" height=\"1024\" src=\"https:\/\/www.solarbuergergenossenschaft.de\/wp-content\/uploads\/2025\/02\/Urkunde-Klimaschutzpreis-der-Stadt-Freiburg-fuer-Solar-Buerger-Genossenschaft-eG-722x1024.jpg\" class=\"attachment-large size-large wp-image-1723\" alt=\"\" srcset=\"https:\/\/www.solarbuergergenossenschaft.de\/wp-content\/uploads\/2025\/02\/Urkunde-Klimaschutzpreis-der-Stadt-Freiburg-fuer-Solar-Buerger-Genossenschaft-eG-722x1024.jpg 722w, https:\/\/www.solarbuergergenossenschaft.de\/wp-content\/uploads\/2025\/02\/Urkunde-Klimaschutzpreis-der-Stadt-Freiburg-fuer-Solar-Buerger-Genossenschaft-eG-212x300.jpg 212w, https:\/\/www.solarbuergergenossenschaft.de\/wp-content\/uploads\/2025\/02\/Urkunde-Klimaschutzpreis-der-Stadt-Freiburg-fuer-Solar-Buerger-Genossenschaft-eG-768x1089.jpg 768w, https:\/\/www.solarbuergergenossenschaft.de\/wp-content\/uploads\/2025\/02\/Urkunde-Klimaschutzpreis-der-Stadt-Freiburg-fuer-Solar-Buerger-Genossenschaft-eG-1083x1536.jpg 1083w, https:\/\/www.solarbuergergenossenschaft.de\/wp-content\/uploads\/2025\/02\/Urkunde-Klimaschutzpreis-der-Stadt-Freiburg-fuer-Solar-Buerger-Genossenschaft-eG-1444x2048.jpg 1444w, https:\/\/www.solarbuergergenossenschaft.de\/wp-content\/uploads\/2025\/02\/Urkunde-Klimaschutzpreis-der-Stadt-Freiburg-fuer-Solar-Buerger-Genossenschaft-eG-rotated.jpg 1637w\" sizes=\"(max-width: 722px) 100vw, 722px\" \/>\t\t\t\t\t\t\t\t\t\t\t\t\t\t\t<\/div>\n\t\t\t\t<\/div>\n\t\t\t\t\t<\/div>\n\t\t<\/div>\n\t\t\t\t\t<\/div>\n\t\t<\/section>\n\t\t\t\t<\/div>\n\t\t","protected":false},"excerpt":{"rendered":"<p>Mit dieser Auszeichnung ehrte und f\u00f6rderte die Stadt Freiburg am 6. Februar 2025\u00a0 die Solargeno f\u00fcr Projekte und Ideen, die sich im Klima- und Naturschutz durch au\u00dfergew\u00f6hnliches Engagement und innovative [&hellip;]<\/p>\n","protected":false},"author":2,"featured_media":0,"comment_status":"closed","ping_status":"closed","sticky":false,"template":"","format":"standard","meta":{"site-sidebar-layout":"default","site-content-layout":"","ast-site-content-layout":"default","site-content-style":"default","site-sidebar-style":"default","ast-global-header-display":"","ast-banner-title-visibility":"","ast-main-header-display":"","ast-hfb-above-header-display":"","ast-hfb-below-header-display":"","ast-hfb-mobile-header-display":"","site-post-title":"","ast-breadcrumbs-content":"","ast-featured-img":"","footer-sml-layout":"","ast-disable-related-posts":"","theme-transparent-header-meta":"","adv-header-id-meta":"","stick-header-meta":"","header-above-stick-meta":"","header-main-stick-meta":"","header-below-stick-meta":"","astra-migrate-meta-layouts":"set","ast-page-background-enabled":"default","ast-page-background-meta":{"desktop":{"background-color":"var(--ast-global-color-4)","background-image":"","background-repeat":"repeat","background-position":"center center","background-size":"auto","background-attachment":"scroll","background-type":"","background-media":"","overlay-type":"","overlay-color":"","overlay-gradient":""},"tablet":{"background-color":"","background-image":"","background-repeat":"repeat","background-position":"center center","background-size":"auto","background-attachment":"scroll","background-type":"","background-media":"","overlay-type":"","overlay-color":"","overlay-gradient":""},"mobile":{"background-color":"","background-image":"","background-repeat":"repeat","background-position":"center center","background-size":"auto","background-attachment":"scroll","background-type":"","background-media":"","overlay-type":"","overlay-color":"","overlay-gradient":""}},"ast-content-background-meta":{"desktop":{"background-color":"var(--ast-global-color-5)","background-image":"","background-repeat":"repeat","background-position":"center center","background-size":"auto","background-attachment":"scroll","background-type":"","background-media":"","overlay-type":"","overlay-color":"","overlay-gradient":""},"tablet":{"background-color":"var(--ast-global-color-5)","background-image":"","background-repeat":"repeat","background-position":"center center","background-size":"auto","background-attachment":"scroll","background-type":"","background-media":"","overlay-type":"","overlay-color":"","overlay-gradient":""},"mobile":{"background-color":"var(--ast-global-color-5)","background-image":"","background-repeat":"repeat","background-position":"center center","background-size":"auto","background-attachment":"scroll","background-type":"","background-media":"","overlay-type":"","overlay-color":"","overlay-gradient":""}},"footnotes":""},"categories":[10],"tags":[],"class_list":["post-1599","post","type-post","status-publish","format-standard","hentry","category-aktuelles"],"_links":{"self":[{"href":"https:\/\/www.solarbuergergenossenschaft.de\/index.php\/wp-json\/wp\/v2\/posts\/1599","targetHints":{"allow":["GET"]}}],"collection":[{"href":"https:\/\/www.solarbuergergenossenschaft.de\/index.php\/wp-json\/wp\/v2\/posts"}],"about":[{"href":"https:\/\/www.solarbuergergenossenschaft.de\/index.php\/wp-json\/wp\/v2\/types\/post"}],"author":[{"embeddable":true,"href":"https:\/\/www.solarbuergergenossenschaft.de\/index.php\/wp-json\/wp\/v2\/users\/2"}],"replies":[{"embeddable":true,"href":"https:\/\/www.solarbuergergenossenschaft.de\/index.php\/wp-json\/wp\/v2\/comments?post=1599"}],"version-history":[{"count":31,"href":"https:\/\/www.solarbuergergenossenschaft.de\/index.php\/wp-json\/wp\/v2\/posts\/1599\/revisions"}],"predecessor-version":[{"id":1726,"href":"https:\/\/www.solarbuergergenossenschaft.de\/index.php\/wp-json\/wp\/v2\/posts\/1599\/revisions\/1726"}],"wp:attachment":[{"href":"https:\/\/www.solarbuergergenossenschaft.de\/index.php\/wp-json\/wp\/v2\/media?parent=1599"}],"wp:term":[{"taxonomy":"category","embeddable":true,"href":"https:\/\/www.solarbuergergenossenschaft.de\/index.php\/wp-json\/wp\/v2\/categories?post=1599"},{"taxonomy":"post_tag","embeddable":true,"href":"https:\/\/www.solarbuergergenossenschaft.de\/index.php\/wp-json\/wp\/v2\/tags?post=1599"}],"curies":[{"name":"wp","href":"https:\/\/api.w.org\/{rel}","templated":true}]}}